{"id":6844,"date":"2020-09-07T12:13:10","date_gmt":"2020-09-07T10:13:10","guid":{"rendered":"https:\/\/igloonet.cz\/blog\/?p=6844"},"modified":"2020-09-24T08:58:38","modified_gmt":"2020-09-24T06:58:38","slug":"proc-vam-nejede-reklama-na-facebooku","status":"publish","type":"post","link":"https:\/\/igloonet.cz\/blog\/proc-vam-nejede-reklama-na-facebooku\/","title":{"rendered":"Pro\u010d v\u00e1m nejede reklama na&nbsp;Facebooku?"},"content":{"rendered":"<div id=\"fb-root\"><\/div>\n<p>Vytvo\u0159ili jste \u00fa\u017easnou facebookovou reklamu, ale ani po p\u00e1r dnech se nerozjela? Nebo v\u00e1m ji zl\u00fd Facebook zastavil? Poj\u010fme si \u0159\u00edct, co s&nbsp;t\u00edm.<!--more--><\/p>\n<p>Ob\u010das se to prost\u011b stane. Nap\u00ed\u0161ete skv\u011bl\u00fd prodejn\u00ed text, grafik v\u00e1m dod\u00e1 par\u00e1dn\u00ed banner, jen\u017ee reklama se ne a&nbsp;ne rozjet. D\u016fvod\u016f \u201epro\u010d\u201c m\u016f\u017ee b\u00fdt hned n\u011bkolik od&nbsp;poru\u0161en\u00ed pravidel po \u0161patn\u011b zvolen\u00e9 publikum nebo omezen\u00ed bidem. Pod\u00edvejme se na&nbsp;ty nej\u010dast\u011bj\u0161\u00ed probl\u00e9my a&nbsp;jejich \u0159e\u0161en\u00ed.<\/p>\n<p>Nebudu se tu \u00fapln\u011b zab\u00fdvat samotn\u00fdm procesem tvorby reklam \u2013 tam v\u00e1m Facebook prost\u0159ednictv\u00edm chybov\u00e9 hl\u00e1\u0161ky v\u011bt\u0161inou s\u00e1m \u0159ekne, co p\u0159esn\u011b mus\u00edte opravit. Stejn\u011b jako v&nbsp;minul\u00e9m \u010dl\u00e1nku <a href=\"https:\/\/igloonet.cz\/blog\/jak-pracovat-s-frekvenci-na-facebooku\/\">o&nbsp;frekvenci na&nbsp;Facebooku<\/a> za\u010dnu od&nbsp;\u00fapln\u00fdch z\u00e1klad\u016f a&nbsp;postupn\u011b se dostanu k&nbsp;pokro\u010dilej\u0161\u00edm probl\u00e9m\u016fm. Proto nem\u016f\u017ee b\u00fdt prvn\u00edm bodem nic jin\u00e9ho ne\u017e no\u010dn\u00ed m\u016fra v\u0161ech nov\u00e1\u010dk\u016f\u2026<\/p>\n<h3>1) \u0160patn\u00e9 datum v&nbsp;kalend\u00e1\u0159i<\/h3>\n<p>S vyp\u011bt\u00edm sil jste vytvo\u0159ili svoje prvn\u00ed reklamy, do\u0161la v\u00e1m notifikace o&nbsp;schv\u00e1len\u00ed a&nbsp;napjat\u011b \u010dek\u00e1te na&nbsp;v\u00fdsledky. Nedo\u010dkav\u011b otev\u00edr\u00e1te Spr\u00e1vce reklam a\u2026 nic nejede. Co se&nbsp;stalo?<\/p>\n<div id=\"attachment_6659\" style=\"width: 1053px\" class=\"wp-caption aligncenter\"><a href=\"https:\/\/igloonet.cz\/blog\/wp-content\/uploads\/2020\/06\/kalendar.png\"><img srcset=\"https:\/\/igloonet.cz\/blog\/wp-content\/uploads\/2020\/06\/kalendar-150x150.png 150w, https:\/\/igloonet.cz\/blog\/wp-content\/uploads\/2020\/06\/kalendar-300x79.png 300w, https:\/\/igloonet.cz\/blog\/wp-content\/uploads\/2020\/06\/kalendar-1024x270.png 1024w, https:\/\/igloonet.cz\/blog\/wp-content\/uploads\/2020\/06\/kalendar.png 1043w\" sizes=\"(min-width: 1024px) 1043px, (min-width: 300px) 1024px, (min-width: 150px) 300px, 150px\" aria-describedby=\"caption-attachment-6659\" class=\"wp-image-6659 size-full\" alt width=\"1043\" height=\"275\"><\/a><p id=\"caption-attachment-6659\" class=\"wp-caption-text\">V\u0161echno sv\u00edt\u00ed zelen\u011b, ale nic nejede. Kde je probl\u00e9m?<\/p><\/div>\n<p>Ve Spr\u00e1vci reklam se z&nbsp;n\u011bjak\u00e9ho d\u016fvodu zobrazuje \u010dasov\u00e9 okno s&nbsp;neaktu\u00e1ln\u00edm datem (v&nbsp;kv\u011btnu 2020&nbsp;mi tam sk\u00e1\u010de listopad 2018). Sta\u010d\u00ed si ho p\u0159ehodit v&nbsp;prav\u00e9m horn\u00edm rohu na&nbsp;aktu\u00e1ln\u00ed t\u00fdden\/m\u011bs\u00edc, a&nbsp;v\u00fdsledky se r\u00e1zem objev\u00ed. K\u00e9\u017e by m\u011bly v\u0161echny probl\u00e9m tak snadn\u00e9 \u0159e\u0161en\u00ed.<\/p>\n<p>Kdy\u017e u\u017e jsme u&nbsp;t\u011bch nov\u00e1\u010dkovsk\u00fdch chyb, reklama samoz\u0159ejm\u011b nepojede, pokud m\u00e1te omylem vypnutou kampa\u0148, sadu reklam nebo samotnou reklamu&nbsp;:).<\/p>\n<h3>2) Sex neprod\u00e1v\u00e1 aneb Zak\u00e1zan\u00fd obsah<\/h3>\n<p>\u010cetli jste <a href=\"https:\/\/www.facebook.com\/policies\/ads\/\">z\u00e1sady pro reklamu<\/a> a&nbsp;<a href=\"https:\/\/www.facebook.com\/policies\/ads\/prohibited_content\">seznam zak\u00e1zan\u00e9ho obsahu<\/a>? M\u011bli byste. Facebook je posledn\u00ed dobou hodn\u011b citliv\u00fd na&nbsp;sebemen\u0161\u00ed n\u00e1znaky poru\u0161ov\u00e1n\u00ed pravidel, a&nbsp;pokud chcete p\u0159i propagaci posilovny vyu\u017e\u00edt sexy sle\u010dnu s&nbsp;vy\u0161pulen\u00fdm zade\u010dkem, budete m\u00edt nejsp\u00ed\u0161 probl\u00e9m. Op\u011bt to m\u016f\u017eete risknout a&nbsp;reklamu poslat na&nbsp;schv\u00e1len\u00ed, ale v&nbsp;nejhor\u0161\u00edm p\u0159\u00edpad\u011b si koledujete a\u017e o&nbsp;zablokov\u00e1n\u00ed \u00fa\u010dtu. Tohle fakt nen\u00ed sranda.&nbsp;<a href=\"https:\/\/igloonet.cz\/blog\/wp-content\/uploads\/2020\/06\/pravidla.png\"><img srcset=\"https:\/\/igloonet.cz\/blog\/wp-content\/uploads\/2020\/06\/pravidla-150x98.png 150w, https:\/\/igloonet.cz\/blog\/wp-content\/uploads\/2020\/06\/pravidla-300x27.png 300w, https:\/\/igloonet.cz\/blog\/wp-content\/uploads\/2020\/06\/pravidla-1024x92.png 1024w, https:\/\/igloonet.cz\/blog\/wp-content\/uploads\/2020\/06\/pravidla.png 1090w\" sizes=\"(min-width: 1024px) 1090px, (min-width: 300px) 1024px, (min-width: 150px) 300px, 150px\" class=\"size-full wp-image-6662 aligncenter\" alt width=\"1090\" height=\"98\"><\/a><\/p>\n<p>Reklamy pravideln\u011b kontroluj\u00ed roboti, a&nbsp;tak v\u00e1m kv\u016fli pravidl\u016fm m\u016f\u017eou zastavit i&nbsp;skv\u011ble funguj\u00edc\u00ed reklamu, v&nbsp;kter\u00e9 \u017e\u00e1dn\u00fd probl\u00e9m nevid\u00edte (nap\u0159\u00edklad u&nbsp;Snowboard Zezula se mi to ob\u010das st\u00e1v\u00e1 u&nbsp;r\u016fzn\u00fdch typ\u016f skej\u0165\u00e1ck\u00e9ho oble\u010den\u00ed). \u0158e\u0161en\u00ed je jednoduch\u00e9, sta\u010d\u00ed na&nbsp;\u00farovni reklamy po\u017e\u00e1dat o&nbsp;kontrolu a&nbsp;po\u010dkat, zda ji admini schv\u00e1l\u00ed. Pokud ne, m\u011bli by v\u00e1m alespo\u0148 \u0159\u00edct, kde p\u0159esn\u011b je probl\u00e9m. Jestli se to ve&nbsp;va\u0161ich reklam\u00e1ch hem\u017e\u00ed spo\u0159e od\u011bn\u00fdmi d\u00edvkami (plavky) nebo propagujete o\u0161emetn\u00fd produkt (z\u00e1zra\u010dn\u00e9 dopl\u0148ky stravy), zapn\u011bte si na&nbsp;p\u0159\u00edpadn\u00e9 zam\u00edtnut\u00ed notifikace.<\/p>\n<div id=\"attachment_6663\" style=\"width: 830px\" class=\"wp-caption aligncenter\"><a href=\"https:\/\/igloonet.cz\/blog\/wp-content\/uploads\/2020\/06\/Zastaven\u00ed.png\"><img srcset=\"https:\/\/igloonet.cz\/blog\/wp-content\/uploads\/2020\/06\/Zastaven\u00ed-150x150.png 150w, https:\/\/igloonet.cz\/blog\/wp-content\/uploads\/2020\/06\/Zastaven\u00ed-300x80.png 300w, https:\/\/igloonet.cz\/blog\/wp-content\/uploads\/2020\/06\/Zastaven\u00ed.png 820w\" sizes=\"(min-width: 300px) 820px, (min-width: 150px) 300px, 150px\" aria-describedby=\"caption-attachment-6663\" class=\"wp-image-6663 size-full\" alt width=\"820\" height=\"220\"><\/a><p id=\"caption-attachment-6663\" class=\"wp-caption-text\">Zam\u00edtnut\u00e1 reklama na&nbsp;streetwear \u2013 nezb\u00fdv\u00e1, ne\u017e se odvolat.<\/p><\/div>\n<h3>3) Nepozornost p\u0159i nastavov\u00e1n\u00ed<\/h3>\n<p>I mistr facebook\u00e1\u0159 se ob\u010das utne a&nbsp;dv\u011b n\u00e1sleduj\u00edc\u00ed chybky se t\u00fdkaj\u00ed drobn\u00fdch opomenut\u00ed p\u0159i nastavov\u00e1n\u00ed reklam. Jeliko\u017e se s&nbsp;nimi v&nbsp;praxi opakovan\u011b setk\u00e1v\u00e1m, rozhodl jsem se je zm\u00ednit:<\/p>\n<p><span style=\"text-decoration: underline;\">\u0160patn\u00fd v\u00fdb\u011br zem\u011b u&nbsp;DPA<\/span><\/p>\n<p>Dynamick\u00e9 reklamy jsou krapet zr\u00e1dn\u00e9 \u2013 kdy\u017e se pust\u00edte do&nbsp;jejich tvorby, okam\u017eit\u011b v\u00e1s nasm\u011bruj\u00ed na&nbsp;okruhy u\u017eivatel\u016f, kde nastavujete, komu se (ne)maj\u00ed zobrazit. Pro v\u011bt\u0161inu reklam to sta\u010d\u00ed, a&nbsp;tak je c\u00edlen\u00ed podle z\u00e1jm\u016f nebo lokalit skryt\u00e9 pod&nbsp;nen\u00e1padn\u00fdm tla\u010d\u00edtkem \u201e<em>Zobrazit roz\u0161\u00ed\u0159en\u00e9 mo\u017enosti<\/em>.\u201d Probl\u00e9m nast\u00e1v\u00e1 ve&nbsp;chv\u00edli, kdy tvo\u0159\u00edte reklamy pro jin\u00fd ne\u017e \u010desk\u00fd trh \u2013&nbsp;v&nbsp;t\u00e9 chv\u00edli si ho mus\u00edte rozkliknout a&nbsp;nastavit t\u0159eba Slovensko. Pokud zapomenete, nic se samoz\u0159ejm\u011b nerozjede.<\/p>\n<p><span style=\"text-decoration: underline;\">P\u0159eklep v&nbsp;okruhu u\u017eivatel\u016f<\/span><\/p>\n<p>P\u0159eb\u00edr\u00e1te po n\u011bkom reklamn\u00ed \u00fa\u010det? Doporu\u010duju prov\u00e9st d\u016fkladnou kontrolu vlastn\u00edch okruh\u016f u\u017eivatel\u016f. Sta\u010d\u00ed, aby \u010dlov\u011bk ud\u011blal v&nbsp;URL n\u011bjak\u00fd p\u0159eklep (nap\u0159\u00edklad \/trika m\u00edsto \/tricka), a&nbsp;publikum se r\u00e1zem nezapln\u00ed. Ve&nbsp;spr\u00e1vci reklam se pak m\u016f\u017eete stav\u011bt na&nbsp;hlavu, ale nic v\u00e1m nepom\u016f\u017ee.<\/p>\n<div id=\"attachment_6665\" style=\"width: 884px\" class=\"wp-caption aligncenter\"><a href=\"https:\/\/igloonet.cz\/blog\/wp-content\/uploads\/2020\/06\/wca.png\"><img srcset=\"https:\/\/igloonet.cz\/blog\/wp-content\/uploads\/2020\/06\/wca-150x150.png 150w, https:\/\/igloonet.cz\/blog\/wp-content\/uploads\/2020\/06\/wca-300x208.png 300w, https:\/\/igloonet.cz\/blog\/wp-content\/uploads\/2020\/06\/wca.png 874w\" sizes=\"(min-width: 300px) 874px, (min-width: 150px) 300px, 150px\" aria-describedby=\"caption-attachment-6665\" class=\"wp-image-6665 size-full\" alt width=\"874\" height=\"607\"><\/a><p id=\"caption-attachment-6665\" class=\"wp-caption-text\">V&nbsp;okruhu u\u017eivatel\u016f jsou omylem m\u00edsto tri\u010dek trika. Reklama se nerozjede.<\/p><\/div>\n<h3>4) Limit na&nbsp;v\u00fddaje<\/h3>\n<p>Spravujete reklamu opatrn\u00e9mu klientovi nebo jako intern\u00ed marke\u0165\u00e1k? Mo\u017en\u00e1 jste se u\u017e setkali s&nbsp;omezen\u00edm rozpo\u010dtu v&nbsp;podob\u011b limitu na&nbsp;v\u00fddaje. V&nbsp;praxi to znamen\u00e1, \u017ee&nbsp;si admin \u00fa\u010dtu nastav\u00ed finan\u010dn\u00ed strop na&nbsp;\u00fatratu, a&nbsp;jakmile ho p\u0159ekro\u010d\u00edte, v\u0161e se okam\u017eit\u011b zastav\u00ed. Je to takov\u00e1 pojistka, aby nezodpov\u011bdn\u00fd specialista nerozfrcal t\u0159eba 100&nbsp;tis\u00edc.<\/p>\n<p>Facebook v\u00e1s na\u0161t\u011bst\u00ed upozorn\u00ed, kdy\u017e se limit bl\u00ed\u017e\u00ed k&nbsp;c\u00edli (viz \u010derven\u00e9 varov\u00e1n\u00ed na&nbsp;obr\u00e1zku) a&nbsp;p\u0159i jeho p\u0159ekro\u010den\u00ed v\u00e1m hned sd\u011bl\u00ed d\u016fvod. Dejte v\u011bd\u011bt spr\u00e1vci \u00fa\u010dtu, kter\u00fd mus\u00ed j\u00edt v&nbsp;Business Manageru do&nbsp;\u201e<em>Vy\u00fa\u010dtov\u00e1n\u00ed<\/em>\u201c \u2192 \u201e<em>Nastaven\u00ed plateb<\/em>\u201c a&nbsp;limit resetovat.<\/p>\n<p><a href=\"https:\/\/igloonet.cz\/blog\/wp-content\/uploads\/2020\/06\/limit-1.png\"><img srcset=\"https:\/\/igloonet.cz\/blog\/wp-content\/uploads\/2020\/06\/limit-1-150x150.png 150w, https:\/\/igloonet.cz\/blog\/wp-content\/uploads\/2020\/06\/limit-1-300x110.png 300w, https:\/\/igloonet.cz\/blog\/wp-content\/uploads\/2020\/06\/limit-1-1024x375.png 1024w, https:\/\/igloonet.cz\/blog\/wp-content\/uploads\/2020\/06\/limit-1.png 1270w\" sizes=\"(min-width: 1024px) 1270px, (min-width: 300px) 1024px, (min-width: 150px) 300px, 150px\" class=\"size-full wp-image-6673 aligncenter\" alt width=\"1270\" height=\"465\"><\/a><\/p>\n<p>Pokud tedy spravujete kampan\u011b v&nbsp;\u00fa\u010dtu s&nbsp;limitem, hl\u00eddejte si ho a&nbsp;za\u0159i\u010fte z\u00e1sah administr\u00e1tora d\u0159\u00edv, ne\u017e v\u00e1m zastaven\u00ed zam\u00e1v\u00e1 s&nbsp;v\u00fdkonem. Ur\u010dit\u011b nechci tenhle n\u00e1stroj nijak d\u00e9monizovat&nbsp; \u2013 hod\u00ed se t\u0159eba u&nbsp;nepravideln\u00fdch kampan\u00ed s&nbsp;pevn\u00fdm rozpo\u010dtem (v&nbsp;na\u0161em p\u0159\u00edpad\u011b u&nbsp;<a href=\"https:\/\/igloonet.cz\/marketing\/reference\/fsivut\">n\u00e1borovek pro vysok\u00e9 \u0161koly<\/a>).<\/p>\n<h3>5) P\u0159\u00edli\u0161 mal\u00e9 publikum<\/h3>\n<p>Silnou str\u00e1nkou facebookov\u00fdch reklam je bezesporu perfektn\u00ed c\u00edlen\u00ed. Zvl\u00e1dne mi naj\u00edt dvacetilet\u00e9 hr\u00e1\u010de Pok\u00e9mon Go z&nbsp;Brna\u2011\u0158e\u010dkovic, kte\u0159\u00ed z\u00e1rove\u0148 pa\u0159\u00ed na&nbsp;Playstationu 4, ale reklama na&nbsp;tohle publikum se prost\u011b nespust\u00ed, proto\u017ee je c\u00edlovka p\u0159\u00edli\u0161 mal\u00e1. Spr\u00e1vce reklam je v&nbsp;tomhle p\u0159\u00edpad\u011b pom\u011brn\u011b z\u00e1ke\u0159n\u00fd \u2013 n\u011bkdy v\u00e1m zobraz\u00ed chybovou hl\u00e1\u0161ku s&nbsp;t\u00edm, a\u0165 publikum roz\u0161\u00ed\u0159\u00edte, jindy se ale tv\u00e1\u0159\u00ed jakoby nic. Reklamu schv\u00e1l\u00ed, ale ta se nerozjede.<\/p>\n<p><a href=\"https:\/\/igloonet.cz\/blog\/wp-content\/uploads\/2020\/06\/mal\u00e1-c\u00edlovka.png\"><img srcset=\"https:\/\/igloonet.cz\/blog\/wp-content\/uploads\/2020\/06\/mal\u00e1-c\u00edlovka-150x150.png 150w, https:\/\/igloonet.cz\/blog\/wp-content\/uploads\/2020\/06\/mal\u00e1-c\u00edlovka-300x203.png 300w, https:\/\/igloonet.cz\/blog\/wp-content\/uploads\/2020\/06\/mal\u00e1-c\u00edlovka.png 342w\" sizes=\"(min-width: 300px) 342px, (min-width: 150px) 300px, 150px\" class=\"size-full wp-image-6666 aligncenter\" alt width=\"342\" height=\"231\"><\/a><\/p>\n<p>Na tenhle probl\u00e9m \u010dasto nar\u00e1\u017e\u00edm u&nbsp;remarketingu na&nbsp;opu\u0161t\u011bn\u00fd ko\u0161\u00edk. Zvl\u00e1\u0161\u0165 men\u0161\u00ed klienti nemaj\u00ed moc velkou n\u00e1v\u0161t\u011bvnost sv\u00e9ho webu a&nbsp;nedokon\u010den\u00e9 n\u00e1kupy jdou do&nbsp;jednotek denn\u011b. Pokud pak chci oslovit ko\u0161\u00edk\u00e1\u0159e za posledn\u00ed 3&nbsp;dny, reklama nepojede (a\u010dkoliv nehl\u00e1s\u00ed \u017e\u00e1dn\u00e9 chyby). \u0158e\u0161en\u00edm je bu\u010f p\u0159ej\u00edt na&nbsp;dynamick\u00fd ko\u0161\u00edk (kter\u00fd neb\u00fdv\u00e1 tak nemilosrdn\u00fd) nebo prodlou\u017eit \u010dasov\u00e9 okno pro p\u0159id\u00e1n\u00ed do&nbsp;ko\u0161\u00edku. \u00dadajn\u011b tak\u00e9 pom\u00e1h\u00e1 sn\u00ed\u017eit p\u0159\u00edli\u0161 ambici\u00f3zn\u00ed c\u00edl a&nbsp;z&nbsp;\u201e<em>N\u00e1kupu<\/em>\u201d p\u0159ej\u00edt t\u0159eba na&nbsp;oby\u010dejn\u00e9 \u201e<em>Zobrazen\u00ed c\u00edlov\u00e9 str\u00e1nky<\/em>\u201d nebo dosahovou kampa\u0148, osobn\u011b mi to ale p\u0159\u00edli\u0161 nefunguje.<\/p>\n<h3>6) V\u00edce reklam v&nbsp;jedn\u00e9 sad\u011b a&nbsp;CBO<\/h3>\n<p>M\u00e1te sadu reklam s&nbsp;mal\u00fdm rozpo\u010dtem a&nbsp;n\u011bkolika r\u016fzn\u00fdmi reklamami? Nejsp\u00ed\u0161 se rozjedou jen n\u011bkter\u00e9, Facebook se sna\u017e\u00ed preferovat ty nejv\u00fdkonn\u011bj\u0161\u00ed. Po\u010d\u00edtejte s&nbsp;t\u00edm p\u0159i pl\u00e1nov\u00e1n\u00ed a&nbsp;rad\u011bji reklamy rozho\u010fte do&nbsp;v\u00edcero samostatn\u00fdch sad. Pro testov\u00e1n\u00ed je lep\u0161\u00ed vyu\u017e\u00edt mo\u017enosti A\/B testu nebo dynamick\u00e9 kreativy p\u0159\u00edmo v&nbsp;rozhran\u00ed.<\/p>\n<p>Obdobn\u011b se s&nbsp;t\u00edmhle probl\u00e9mem m\u016f\u017eete setkat na&nbsp;vy\u0161\u0161\u00ed \u00farovni p\u0159i vyu\u017eit\u00ed \u201e<em>Optimalizace rozpo\u010dtu na&nbsp;\u00farovni kampan\u011b<\/em>\u201c (zkr\u00e1cen\u011b CBO). Jednodu\u0161e p\u0159id\u011bl\u00edte Facebooku n\u011bjak\u00fd rozpo\u010det, a&nbsp;ten ho rozd\u011bl\u00ed mezi r\u016fzn\u00e9 sady. \u010casem za\u010dne sypat pen\u00edze jen do&nbsp;p\u00e1r favorit\u016f a&nbsp;zbyl\u00e9 reklamy maj\u00ed smol\u00edka. Jestli pot\u0159ebujete oslovit v\u0161echny c\u00edlov\u00e9 skupiny, rad\u011bji si u&nbsp;set\u016f nastavte n\u011bjak\u00e9 denn\u00ed minimum.<\/p>\n<p><a href=\"https:\/\/igloonet.cz\/blog\/wp-content\/uploads\/2020\/06\/cbo.png\"><img srcset=\"https:\/\/igloonet.cz\/blog\/wp-content\/uploads\/2020\/06\/cbo-150x150.png 150w, https:\/\/igloonet.cz\/blog\/wp-content\/uploads\/2020\/06\/cbo-282x300.png 282w, https:\/\/igloonet.cz\/blog\/wp-content\/uploads\/2020\/06\/cbo.png 510w\" sizes=\"(min-width: 282px) 510px, (min-width: 150px) 282px, 150px\" class=\"wp-image-6668 aligncenter\" alt width=\"340\" height=\"361\"><\/a><\/p>\n<h3>7) Kontrola ceny (Cost Control)<\/h3>\n<p>Pr\u00e1ce s&nbsp;kontrolou ceny pat\u0159\u00ed ve&nbsp;facebookov\u00e9 reklam\u011b k&nbsp;pokro\u010dilej\u0161\u00edm optimalizac\u00edm. Pozor, do&nbsp;\u010de\u0161tiny se ofici\u00e1ln\u011b p\u0159ekl\u00e1d\u00e1 jako \u201elimit na&nbsp;v\u00fddaje\u201c a&nbsp;hroz\u00ed tak z\u00e1m\u011bna s&nbsp;\u201elimitem na&nbsp;v\u00fddaje\u201c na&nbsp;\u00farovni cel\u00e9ho \u00fa\u010dtu z&nbsp;bodu 4) (a\u010d jde o&nbsp;dv\u011b \u00fapln\u011b jin\u00e9&nbsp;v\u011bci).<\/p>\n<p>Jednodu\u0161e \u0159\u00edk\u00e1te Facebooku, kolik pen\u011bz jste ochotni utratit za po\u017eadovan\u00fd v\u00fdsledek (t\u0159eba \u017ee&nbsp;va\u0161e maximum za p\u0159id\u00e1n\u00ed do&nbsp;ko\u0161\u00edku je 50&nbsp;K\u010d) \u2013 omez\u00edte t\u00edm nap\u0159\u00edklad divok\u00e9 utr\u00e1cen\u00ed dynamick\u00fdch reklam nebo sv\u00e9voln\u00e9 \u00fatraty broadov\u00fdch kampan\u00ed. S&nbsp;t\u00edmhle limitem v\u0161ak mus\u00edte pracovat realisticky. Pokud si n\u00e1hodou \u0159eknete: \u201eTak j\u00e1 chci za prodej horsk\u00e9ho kola zaplatit maxim\u00e1ln\u011b 1&nbsp;dolar.\u201d jste samoz\u0159ejm\u011b mimo. Tahle konverze je nere\u00e1ln\u00e1, Facebook to v\u00ed, a&nbsp;reklamu v\u016fbec nerozjede.<\/p>\n<div id=\"attachment_6669\" style=\"width: 452px\" class=\"wp-caption aligncenter\"><a href=\"https:\/\/igloonet.cz\/blog\/wp-content\/uploads\/2020\/06\/bid.png\"><img srcset=\"https:\/\/igloonet.cz\/blog\/wp-content\/uploads\/2020\/06\/bid-150x150.png 150w, https:\/\/igloonet.cz\/blog\/wp-content\/uploads\/2020\/06\/bid-300x248.png 300w, https:\/\/igloonet.cz\/blog\/wp-content\/uploads\/2020\/06\/bid.png 590w\" sizes=\"(min-width: 300px) 590px, (min-width: 150px) 300px, 150px\" aria-describedby=\"caption-attachment-6669\" class=\"wp-image-6669\" alt width=\"442\" height=\"365\"><\/a><p id=\"caption-attachment-6669\" class=\"wp-caption-text\">Kdy\u017e limit p\u0159\u00edli\u0161 omez\u00edte, reklama se nerozjede.<\/p><\/div>\n<p>Pokud pracujete s&nbsp;kontrolou ceny, mus\u00edte zhruba v\u011bd\u011bt, za kolik je re\u00e1ln\u00e9 produkt v\u016fbec prodat a&nbsp;p\u0159i jak\u00e9 cen\u011b se v\u00e1m to je\u0161t\u011b vyplat\u00ed (+ zohlednit remarketing\/broad a&nbsp;kupu dal\u0161\u00edch v\u011bc\u00ed). Nezapome\u0148te s&nbsp;nastavenou cenou pr\u016fb\u011b\u017en\u011b pracovat \u2013 bude \u00fapln\u011b jin\u00e1 v&nbsp;dob\u011b pr\u00e1zdnin a&nbsp;v&nbsp;p\u0159edv\u00e1no\u010dn\u00ed sezon\u011b.<\/p>\n<p>Napadaj\u00ed v\u00e1s dal\u0161\u00ed d\u016fvody, pro\u010d se reklama nerozjela? Dejte&nbsp;v\u011bd\u011bt.<\/p>\n\n\t\t<script>var e = {type:\"double\", dml:\"86386\", fc1:\"298020983b1c5575\",fc2:\"bf2bb64c6d70a0d1\", dt:\"16383\" , returnUrl:\"https:\/\/igloonet.cz\/blog\" , autosuggest:true, fromEmail:\"marketing@igloonet.cz\", fromName:\"igloonet \"};window.ebj69b3dd=e;s=document.getElementsByTagName(\"script\")[0];qc=document.createElement(\"script\");qc.src=\"\/\/static.mailkit.eu\/_system\/subform.js\";qc.setAttribute(\"dvar\", \"ebj69b3dd\");s.parentNode.insertBefore(qc,s);<\/script>\t\t\n\t\t<div class=\"mailkit_instance\">\n\t\t\t<form method=\"POST\" data-id=\"ebj69b3dd\" class=\"newsletter-form\" id=\"newsletter-form\">\n\t\t\t    <div class=\"hr-wrap\"><hr><\/div>\n\t            <h2>St\u00e1hn\u011bte si shrnut\u00ed \u010dl\u00e1nku jako infografiku<\/h2>\n\t            <p>S t\u00edmhle n\u00e1vodem si na v\u00e1s Facebook nep\u0159ijde. Nep\u0159ijdete ani o&nbsp;dal\u0161\u00ed novinky a&nbsp;tipy.<\/p>\n\t\t\t\t\n\t\t\t\t<div class=\"newsletter-form__email\">\n\t                <div class=\"newsletter-form__input-group\">\n\t                    <label for=\"first_name_inline\">K\u0159estn\u00ed jm\u00e9no<\/label><input type=\"text\" name=\"first_name\" id=\"first_name_inline\" value required>\n\t                <\/div>\n\t\t\t\t    \n\t\t\t\t    <div class=\"newsletter-form__input-group\">\n\t\t\t\t\t    <label for=\"email_inline\">E-mail<\/label><input type=\"text\" name=\"email\" id=\"email_inline\" value required>\n\t\t\t\t    <\/div>\n\t\t\t\t<\/div>\n\t\t\t\t\n\t\t\t\t<div class=\"mailkit_submit newsletter-form__button--wrapper\">\n\t\t\t\t    <button type=\"submit\" class=\"newsletter-form__button\" id=\"newsletter-form__button\">P\u0159ihl\u00e1sit<\/button>\n\t\t\t\t    <input type=\"hidden\" name=\"_do\" value=\"newsletterForm-submit\">\n\t\t\t\t<\/div>\n                                <div><br>Odesl\u00e1n\u00edm formul\u00e1\u0159e souhlas\u00edte se <a href=\"\/ochrana-osobnich-udaju\">zpracov\u00e1n\u00edm osobn\u00edch \u00fadaj\u016f<\/a>.<\/div>\n\t\t\t<\/form>\n\t\t<\/div>\n\t\t\n\t\t<div class=\"newsletter-form__alert\" id=\"newsletter-form__alert\">\n\t\t\tByl v\u00e1m odesl\u00e1n potvrzovac\u00ed e-mail.&nbsp;<\/div>\n\t\n","protected":false},"excerpt":{"rendered":"<p>Vytvo\u0159ili jste \u00fa\u017easnou facebookovou reklamu, ale ani po p\u00e1r dnech se nerozjela? Nebo v\u00e1m ji zl\u00fd Facebook zastavil? Poj\u010fme si \u0159\u00edct, co s&nbsp;t\u00edm.<\/p>\n","protected":false},"author":36,"featured_media":6840,"comment_status":"open","ping_status":"closed","sticky":false,"template":"","format":"standard","meta":{"wp_typography_post_enhancements_disabled":false,"footnotes":""},"categories":[70],"tags":[259,49,228],"class_list":["post-6844","post","type-post","status-publish","format-standard","has-post-thumbnail","hentry","category-marketing","tag-chyby-v-reklame","tag-facebook-ads","tag-facebookova-reklama"],"yoast_head":"<!-- This site is optimized with the Yoast SEO plugin v26.7 - https:\/\/yoast.com\/wordpress\/plugins\/seo\/ -->\n<title>Pro\u010d v\u00e1m nejede reklama na Facebooku? | igloonet blog<\/title>\n<meta name=\"description\" content=\"Vytvo\u0159ili jste \u00fa\u017easnou facebookovou reklamu, ale ani po p\u00e1r dnech se nerozjela? Nebo v\u00e1m ji zl\u00fd Facebook zastavil? Poj\u010fme si \u0159\u00edct, co s t\u00edm.\" \/>\n<meta name=\"robots\" content=\"index, follow, max-snippet:-1, max-image-preview:large, max-video-preview:-1\" \/>\n<link rel=\"canonical\" href=\"https:\/\/igloonet.cz\/blog\/proc-vam-nejede-reklama-na-facebooku\/\" \/>\n<meta property=\"og:locale\" content=\"cs_CZ\" \/>\n<meta property=\"og:type\" content=\"article\" \/>\n<meta property=\"og:title\" content=\"Tyhle chyby rozhodn\u011b ned\u011blejte\" \/>\n<meta property=\"og:description\" content=\"Nej\u010dast\u011bj\u0161\u00ed probl\u00e9my a jejich \u0159e\u0161en\u00ed.\" \/>\n<meta property=\"og:url\" content=\"https:\/\/igloonet.cz\/blog\/proc-vam-nejede-reklama-na-facebooku\/\" \/>\n<meta property=\"og:site_name\" content=\"igloonet blog\" \/>\n<meta property=\"article:publisher\" content=\"https:\/\/www.facebook.com\/igloonet\" \/>\n<meta property=\"article:published_time\" content=\"2020-09-07T10:13:10+00:00\" \/>\n<meta property=\"article:modified_time\" content=\"2020-09-24T06:58:38+00:00\" \/>\n<meta property=\"og:image\" content=\"https:\/\/igloonet.cz\/blog\/wp-content\/uploads\/2020\/09\/proc-vam-nejede-reklama-cover-1.png\" \/>\n\t<meta property=\"og:image:width\" content=\"1200\" \/>\n\t<meta property=\"og:image:height\" content=\"628\" \/>\n\t<meta property=\"og:image:type\" content=\"image\/png\" \/>\n<meta name=\"author\" content=\"Ond\u0159ej Kr\u00e1l\" \/>\n<meta name=\"twitter:card\" content=\"summary_large_image\" \/>\n<meta name=\"twitter:title\" content=\"Tyhle chyby rozhodn\u011b ned\u011blejte\" \/>\n<meta name=\"twitter:description\" content=\"Nej\u010dast\u011bj\u0161\u00ed probl\u00e9my a jejich \u0159e\u0161en\u00ed.\" \/>\n<meta name=\"twitter:image\" content=\"https:\/\/igloonet.cz\/blog\/wp-content\/uploads\/2020\/09\/proc-vam-nejede-reklama-cover-1.png\" \/>\n<meta name=\"twitter:creator\" content=\"@igloonet\" \/>\n<meta name=\"twitter:site\" content=\"@igloonet\" \/>\n<meta name=\"twitter:label1\" content=\"Napsal(a)\" \/>\n\t<meta name=\"twitter:data1\" content=\"Ond\u0159ej Kr\u00e1l\" \/>\n\t<meta name=\"twitter:label2\" content=\"Odhadovan\u00e1 doba \u010dten\u00ed\" \/>\n\t<meta name=\"twitter:data2\" content=\"8 minut\" \/>\n<script type=\"application\/ld+json\" class=\"yoast-schema-graph\">{\"@context\":\"https:\/\/schema.org\",\"@graph\":[{\"@type\":\"Article\",\"@id\":\"https:\/\/igloonet.cz\/blog\/proc-vam-nejede-reklama-na-facebooku\/#article\",\"isPartOf\":{\"@id\":\"https:\/\/igloonet.cz\/blog\/proc-vam-nejede-reklama-na-facebooku\/\"},\"author\":{\"name\":\"Ond\u0159ej Kr\u00e1l\",\"@id\":\"https:\/\/igloonet.cz\/blog\/#\/schema\/person\/9af01a139aa653ba64956a0e324118da\"},\"headline\":\"Pro\u010d v\u00e1m nejede reklama na&nbsp;Facebooku?\",\"datePublished\":\"2020-09-07T10:13:10+00:00\",\"dateModified\":\"2020-09-24T06:58:38+00:00\",\"mainEntityOfPage\":{\"@id\":\"https:\/\/igloonet.cz\/blog\/proc-vam-nejede-reklama-na-facebooku\/\"},\"wordCount\":1677,\"commentCount\":0,\"publisher\":{\"@id\":\"https:\/\/igloonet.cz\/blog\/#organization\"},\"image\":{\"@id\":\"https:\/\/igloonet.cz\/blog\/proc-vam-nejede-reklama-na-facebooku\/#primaryimage\"},\"thumbnailUrl\":\"https:\/\/igloonet.cz\/blog\/wp-content\/uploads\/2020\/09\/proc-vam-nejede-reklama-cover-1.png\",\"keywords\":[\"chyby v reklam\u011b\",\"Facebook Ads\",\"facebookov\u00e1 reklama\"],\"articleSection\":[\"Marketing\"],\"inLanguage\":\"cs\",\"potentialAction\":[{\"@type\":\"CommentAction\",\"name\":\"Comment\",\"target\":[\"https:\/\/igloonet.cz\/blog\/proc-vam-nejede-reklama-na-facebooku\/#respond\"]}]},{\"@type\":\"WebPage\",\"@id\":\"https:\/\/igloonet.cz\/blog\/proc-vam-nejede-reklama-na-facebooku\/\",\"url\":\"https:\/\/igloonet.cz\/blog\/proc-vam-nejede-reklama-na-facebooku\/\",\"name\":\"Pro\u010d v\u00e1m nejede reklama na Facebooku? | igloonet blog\",\"isPartOf\":{\"@id\":\"https:\/\/igloonet.cz\/blog\/#website\"},\"primaryImageOfPage\":{\"@id\":\"https:\/\/igloonet.cz\/blog\/proc-vam-nejede-reklama-na-facebooku\/#primaryimage\"},\"image\":{\"@id\":\"https:\/\/igloonet.cz\/blog\/proc-vam-nejede-reklama-na-facebooku\/#primaryimage\"},\"thumbnailUrl\":\"https:\/\/igloonet.cz\/blog\/wp-content\/uploads\/2020\/09\/proc-vam-nejede-reklama-cover-1.png\",\"datePublished\":\"2020-09-07T10:13:10+00:00\",\"dateModified\":\"2020-09-24T06:58:38+00:00\",\"description\":\"Vytvo\u0159ili jste \u00fa\u017easnou facebookovou reklamu, ale ani po p\u00e1r dnech se nerozjela? Nebo v\u00e1m ji zl\u00fd Facebook zastavil? Poj\u010fme si \u0159\u00edct, co s t\u00edm.\",\"breadcrumb\":{\"@id\":\"https:\/\/igloonet.cz\/blog\/proc-vam-nejede-reklama-na-facebooku\/#breadcrumb\"},\"inLanguage\":\"cs\",\"potentialAction\":[{\"@type\":\"ReadAction\",\"target\":[\"https:\/\/igloonet.cz\/blog\/proc-vam-nejede-reklama-na-facebooku\/\"]}]},{\"@type\":\"ImageObject\",\"inLanguage\":\"cs\",\"@id\":\"https:\/\/igloonet.cz\/blog\/proc-vam-nejede-reklama-na-facebooku\/#primaryimage\",\"url\":\"https:\/\/igloonet.cz\/blog\/wp-content\/uploads\/2020\/09\/proc-vam-nejede-reklama-cover-1.png\",\"contentUrl\":\"https:\/\/igloonet.cz\/blog\/wp-content\/uploads\/2020\/09\/proc-vam-nejede-reklama-cover-1.png\",\"width\":1200,\"height\":628},{\"@type\":\"BreadcrumbList\",\"@id\":\"https:\/\/igloonet.cz\/blog\/proc-vam-nejede-reklama-na-facebooku\/#breadcrumb\",\"itemListElement\":[{\"@type\":\"ListItem\",\"position\":1,\"name\":\"Marketing\",\"item\":\"https:\/\/igloonet.cz\/blog\/rubriky\/marketing\/\"},{\"@type\":\"ListItem\",\"position\":2,\"name\":\"Pro\u010d v\u00e1m nejede reklama na&nbsp;Facebooku?\"}]},{\"@type\":\"WebSite\",\"@id\":\"https:\/\/igloonet.cz\/blog\/#website\",\"url\":\"https:\/\/igloonet.cz\/blog\/\",\"name\":\"igloonet blog\",\"description\":\"\",\"publisher\":{\"@id\":\"https:\/\/igloonet.cz\/blog\/#organization\"},\"potentialAction\":[{\"@type\":\"SearchAction\",\"target\":{\"@type\":\"EntryPoint\",\"urlTemplate\":\"https:\/\/igloonet.cz\/blog\/?s={search_term_string}\"},\"query-input\":{\"@type\":\"PropertyValueSpecification\",\"valueRequired\":true,\"valueName\":\"search_term_string\"}}],\"inLanguage\":\"cs\"},{\"@type\":\"Organization\",\"@id\":\"https:\/\/igloonet.cz\/blog\/#organization\",\"name\":\"igloonet\",\"url\":\"https:\/\/igloonet.cz\/blog\/\",\"logo\":{\"@type\":\"ImageObject\",\"inLanguage\":\"cs\",\"@id\":\"https:\/\/igloonet.cz\/blog\/#\/schema\/logo\/image\/\",\"url\":\"https:\/\/igloonet.cz\/blog\/wp-content\/uploads\/2015\/07\/RGB_LVPC_igloonet.png\",\"contentUrl\":\"https:\/\/igloonet.cz\/blog\/wp-content\/uploads\/2015\/07\/RGB_LVPC_igloonet.png\",\"width\":650,\"height\":465,\"caption\":\"igloonet\"},\"image\":{\"@id\":\"https:\/\/igloonet.cz\/blog\/#\/schema\/logo\/image\/\"},\"sameAs\":[\"https:\/\/www.facebook.com\/igloonet\",\"https:\/\/x.com\/igloonet\",\"https:\/\/instagram.com\/igloonet\/\",\"https:\/\/www.linkedin.com\/company\/igloonet\"]},{\"@type\":\"Person\",\"@id\":\"https:\/\/igloonet.cz\/blog\/#\/schema\/person\/9af01a139aa653ba64956a0e324118da\",\"name\":\"Ond\u0159ej Kr\u00e1l\",\"image\":{\"@type\":\"ImageObject\",\"inLanguage\":\"cs\",\"@id\":\"https:\/\/igloonet.cz\/blog\/#\/schema\/person\/image\/\",\"url\":\"https:\/\/secure.gravatar.com\/avatar\/fc3211bbcf23fb4801848593226b4fce1bea0748ba91cd50f0555b4a681e62a8?s=96&d=retro&r=g\",\"contentUrl\":\"https:\/\/secure.gravatar.com\/avatar\/fc3211bbcf23fb4801848593226b4fce1bea0748ba91cd50f0555b4a681e62a8?s=96&d=retro&r=g\",\"caption\":\"Ond\u0159ej Kr\u00e1l\"},\"url\":\"https:\/\/igloonet.cz\/blog\/author\/lenny\/\"}]}<\/script>\n<!-- \/ Yoast SEO plugin. -->","yoast_head_json":{"title":"Pro\u010d v\u00e1m nejede reklama na Facebooku? | igloonet blog","description":"Vytvo\u0159ili jste \u00fa\u017easnou facebookovou reklamu, ale ani po p\u00e1r dnech se nerozjela? Nebo v\u00e1m ji zl\u00fd Facebook zastavil? Poj\u010fme si \u0159\u00edct, co s t\u00edm.","robots":{"index":"index","follow":"follow","max-snippet":"max-snippet:-1","max-image-preview":"max-image-preview:large","max-video-preview":"max-video-preview:-1"},"canonical":"https:\/\/igloonet.cz\/blog\/proc-vam-nejede-reklama-na-facebooku\/","og_locale":"cs_CZ","og_type":"article","og_title":"Tyhle chyby rozhodn\u011b ned\u011blejte","og_description":"Nej\u010dast\u011bj\u0161\u00ed probl\u00e9my a jejich \u0159e\u0161en\u00ed.","og_url":"https:\/\/igloonet.cz\/blog\/proc-vam-nejede-reklama-na-facebooku\/","og_site_name":"igloonet blog","article_publisher":"https:\/\/www.facebook.com\/igloonet","article_published_time":"2020-09-07T10:13:10+00:00","article_modified_time":"2020-09-24T06:58:38+00:00","og_image":[{"width":1200,"height":628,"url":"https:\/\/igloonet.cz\/blog\/wp-content\/uploads\/2020\/09\/proc-vam-nejede-reklama-cover-1.png","type":"image\/png"}],"author":"Ond\u0159ej Kr\u00e1l","twitter_card":"summary_large_image","twitter_title":"Tyhle chyby rozhodn\u011b ned\u011blejte","twitter_description":"Nej\u010dast\u011bj\u0161\u00ed probl\u00e9my a jejich \u0159e\u0161en\u00ed.","twitter_image":"https:\/\/igloonet.cz\/blog\/wp-content\/uploads\/2020\/09\/proc-vam-nejede-reklama-cover-1.png","twitter_creator":"@igloonet","twitter_site":"@igloonet","twitter_misc":{"Napsal(a)":"Ond\u0159ej Kr\u00e1l","Odhadovan\u00e1 doba \u010dten\u00ed":"8 minut"},"schema":{"@context":"https:\/\/schema.org","@graph":[{"@type":"Article","@id":"https:\/\/igloonet.cz\/blog\/proc-vam-nejede-reklama-na-facebooku\/#article","isPartOf":{"@id":"https:\/\/igloonet.cz\/blog\/proc-vam-nejede-reklama-na-facebooku\/"},"author":{"name":"Ond\u0159ej Kr\u00e1l","@id":"https:\/\/igloonet.cz\/blog\/#\/schema\/person\/9af01a139aa653ba64956a0e324118da"},"headline":"Pro\u010d v\u00e1m nejede reklama na&nbsp;Facebooku?","datePublished":"2020-09-07T10:13:10+00:00","dateModified":"2020-09-24T06:58:38+00:00","mainEntityOfPage":{"@id":"https:\/\/igloonet.cz\/blog\/proc-vam-nejede-reklama-na-facebooku\/"},"wordCount":1677,"commentCount":0,"publisher":{"@id":"https:\/\/igloonet.cz\/blog\/#organization"},"image":{"@id":"https:\/\/igloonet.cz\/blog\/proc-vam-nejede-reklama-na-facebooku\/#primaryimage"},"thumbnailUrl":"https:\/\/igloonet.cz\/blog\/wp-content\/uploads\/2020\/09\/proc-vam-nejede-reklama-cover-1.png","keywords":["chyby v reklam\u011b","Facebook Ads","facebookov\u00e1 reklama"],"articleSection":["Marketing"],"inLanguage":"cs","potentialAction":[{"@type":"CommentAction","name":"Comment","target":["https:\/\/igloonet.cz\/blog\/proc-vam-nejede-reklama-na-facebooku\/#respond"]}]},{"@type":"WebPage","@id":"https:\/\/igloonet.cz\/blog\/proc-vam-nejede-reklama-na-facebooku\/","url":"https:\/\/igloonet.cz\/blog\/proc-vam-nejede-reklama-na-facebooku\/","name":"Pro\u010d v\u00e1m nejede reklama na Facebooku? | igloonet blog","isPartOf":{"@id":"https:\/\/igloonet.cz\/blog\/#website"},"primaryImageOfPage":{"@id":"https:\/\/igloonet.cz\/blog\/proc-vam-nejede-reklama-na-facebooku\/#primaryimage"},"image":{"@id":"https:\/\/igloonet.cz\/blog\/proc-vam-nejede-reklama-na-facebooku\/#primaryimage"},"thumbnailUrl":"https:\/\/igloonet.cz\/blog\/wp-content\/uploads\/2020\/09\/proc-vam-nejede-reklama-cover-1.png","datePublished":"2020-09-07T10:13:10+00:00","dateModified":"2020-09-24T06:58:38+00:00","description":"Vytvo\u0159ili jste \u00fa\u017easnou facebookovou reklamu, ale ani po p\u00e1r dnech se nerozjela? Nebo v\u00e1m ji zl\u00fd Facebook zastavil? Poj\u010fme si \u0159\u00edct, co s t\u00edm.","breadcrumb":{"@id":"https:\/\/igloonet.cz\/blog\/proc-vam-nejede-reklama-na-facebooku\/#breadcrumb"},"inLanguage":"cs","potentialAction":[{"@type":"ReadAction","target":["https:\/\/igloonet.cz\/blog\/proc-vam-nejede-reklama-na-facebooku\/"]}]},{"@type":"ImageObject","inLanguage":"cs","@id":"https:\/\/igloonet.cz\/blog\/proc-vam-nejede-reklama-na-facebooku\/#primaryimage","url":"https:\/\/igloonet.cz\/blog\/wp-content\/uploads\/2020\/09\/proc-vam-nejede-reklama-cover-1.png","contentUrl":"https:\/\/igloonet.cz\/blog\/wp-content\/uploads\/2020\/09\/proc-vam-nejede-reklama-cover-1.png","width":1200,"height":628},{"@type":"BreadcrumbList","@id":"https:\/\/igloonet.cz\/blog\/proc-vam-nejede-reklama-na-facebooku\/#breadcrumb","itemListElement":[{"@type":"ListItem","position":1,"name":"Marketing","item":"https:\/\/igloonet.cz\/blog\/rubriky\/marketing\/"},{"@type":"ListItem","position":2,"name":"Pro\u010d v\u00e1m nejede reklama na&nbsp;Facebooku?"}]},{"@type":"WebSite","@id":"https:\/\/igloonet.cz\/blog\/#website","url":"https:\/\/igloonet.cz\/blog\/","name":"igloonet blog","description":"","publisher":{"@id":"https:\/\/igloonet.cz\/blog\/#organization"},"potentialAction":[{"@type":"SearchAction","target":{"@type":"EntryPoint","urlTemplate":"https:\/\/igloonet.cz\/blog\/?s={search_term_string}"},"query-input":{"@type":"PropertyValueSpecification","valueRequired":true,"valueName":"search_term_string"}}],"inLanguage":"cs"},{"@type":"Organization","@id":"https:\/\/igloonet.cz\/blog\/#organization","name":"igloonet","url":"https:\/\/igloonet.cz\/blog\/","logo":{"@type":"ImageObject","inLanguage":"cs","@id":"https:\/\/igloonet.cz\/blog\/#\/schema\/logo\/image\/","url":"https:\/\/igloonet.cz\/blog\/wp-content\/uploads\/2015\/07\/RGB_LVPC_igloonet.png","contentUrl":"https:\/\/igloonet.cz\/blog\/wp-content\/uploads\/2015\/07\/RGB_LVPC_igloonet.png","width":650,"height":465,"caption":"igloonet"},"image":{"@id":"https:\/\/igloonet.cz\/blog\/#\/schema\/logo\/image\/"},"sameAs":["https:\/\/www.facebook.com\/igloonet","https:\/\/x.com\/igloonet","https:\/\/instagram.com\/igloonet\/","https:\/\/www.linkedin.com\/company\/igloonet"]},{"@type":"Person","@id":"https:\/\/igloonet.cz\/blog\/#\/schema\/person\/9af01a139aa653ba64956a0e324118da","name":"Ond\u0159ej Kr\u00e1l","image":{"@type":"ImageObject","inLanguage":"cs","@id":"https:\/\/igloonet.cz\/blog\/#\/schema\/person\/image\/","url":"https:\/\/secure.gravatar.com\/avatar\/fc3211bbcf23fb4801848593226b4fce1bea0748ba91cd50f0555b4a681e62a8?s=96&d=retro&r=g","contentUrl":"https:\/\/secure.gravatar.com\/avatar\/fc3211bbcf23fb4801848593226b4fce1bea0748ba91cd50f0555b4a681e62a8?s=96&d=retro&r=g","caption":"Ond\u0159ej Kr\u00e1l"},"url":"https:\/\/igloonet.cz\/blog\/author\/lenny\/"}]}},"amp_enabled":true,"_links":{"self":[{"href":"https:\/\/igloonet.cz\/blog\/wp-json\/wp\/v2\/posts\/6844","targetHints":{"allow":["GET"]}}],"collection":[{"href":"https:\/\/igloonet.cz\/blog\/wp-json\/wp\/v2\/posts"}],"about":[{"href":"https:\/\/igloonet.cz\/blog\/wp-json\/wp\/v2\/types\/post"}],"author":[{"embeddable":true,"href":"https:\/\/igloonet.cz\/blog\/wp-json\/wp\/v2\/users\/36"}],"replies":[{"embeddable":true,"href":"https:\/\/igloonet.cz\/blog\/wp-json\/wp\/v2\/comments?post=6844"}],"version-history":[{"count":2,"href":"https:\/\/igloonet.cz\/blog\/wp-json\/wp\/v2\/posts\/6844\/revisions"}],"predecessor-version":[{"id":6858,"href":"https:\/\/igloonet.cz\/blog\/wp-json\/wp\/v2\/posts\/6844\/revisions\/6858"}],"wp:featuredmedia":[{"embeddable":true,"href":"https:\/\/igloonet.cz\/blog\/wp-json\/wp\/v2\/media\/6840"}],"wp:attachment":[{"href":"https:\/\/igloonet.cz\/blog\/wp-json\/wp\/v2\/media?parent=6844"}],"wp:term":[{"taxonomy":"category","embeddable":true,"href":"https:\/\/igloonet.cz\/blog\/wp-json\/wp\/v2\/categories?post=6844"},{"taxonomy":"post_tag","embeddable":true,"href":"https:\/\/igloonet.cz\/blog\/wp-json\/wp\/v2\/tags?post=6844"}],"curies":[{"name":"wp","href":"https:\/\/api.w.org\/{rel}","templated":true}]}}