{"id":3660,"date":"2015-12-02T12:00:38","date_gmt":"2015-12-02T10:00:38","guid":{"rendered":"https:\/\/igloonet.cz\/blog\/?p=3660"},"modified":"2015-12-09T11:15:34","modified_gmt":"2015-12-09T09:15:34","slug":"marketing-festival-2015","status":"publish","type":"post","link":"https:\/\/igloonet.cz\/blog\/marketing-festival-2015\/","title":{"rendered":"Marketing Festival: konference roku&nbsp;2015"},"content":{"rendered":"<div id=\"fb-root\"><\/div>\n<p>Workshopy, strategick\u00e9 p\u0159edn\u00e1\u0161ky, networking, (ne)ples, koncert na&nbsp;Fl\u00e9d\u011b. To a&nbsp;mnohem v\u00edce byl leto\u0161n\u00ed Marketing Festival. Nestihli jste si koupit l\u00edstky, nebo si chcete p\u0159ipomenout jeho jedine\u010dnou atmosf\u00e9ru? P\u0159ipravili jsme pro v\u00e1s kr\u00e1tkou report\u00e1\u017e. Za\u017eijte s&nbsp;n\u00e1mi&nbsp;<a href=\"https:\/\/twitter.com\/search?q=%23mktfest&amp;src=tyah\" target=\"_blank\">#mktfest<\/a>!<\/p>\n<p><!--more--><\/p>\n<p>Asi nem\u00e1 moc smysl p\u0159edstavovat <a href=\"http:\/\/www.marketingfestival.cz\/cs\" target=\"_blank\">Marketing Festival<\/a>. Ka\u017ed\u00fd nad\u0161enec do&nbsp;digit\u00e1ln\u00edho marketingu o&nbsp;t\u00e9to ud\u00e1losti samoz\u0159ejm\u011b v\u00ed. Tomu napov\u00edd\u00e1 i&nbsp;skute\u010dnost, \u017ee&nbsp;se po l\u00edstc\u00edch jen zapr\u00e1\u0161ilo a&nbsp;u\u017e dva&nbsp;m\u011bs\u00edce p\u0159edem bylo beznad\u011bjn\u011b vyprod\u00e1no. Na&nbsp;ud\u00e1lost, kter\u00e1 v&nbsp;\u010desk\u00fdch vod\u00e1ch nem\u00e1 konkurenci, se sjelo p\u0159es tis\u00edc \u00fa\u010dastn\u00edk\u016f z&nbsp;cel\u00e9ho sv\u011bta. M\u011bli k&nbsp;tomu p\u00e1dn\u00fd d\u016fvod. Na&nbsp;jevi\u0161ti se objevily hv\u011bzdy jako <a href=\"https:\/\/www.linkedin.com\/in\/larrykim\/cs\" target=\"_blank\">Larry&nbsp;Kim<\/a> (<a href=\"https:\/\/www.linkedin.com\/company\/236111\" target=\"_blank\">Wordstream<\/a>), <a href=\"https:\/\/uk.linkedin.com\/in\/danielgilbert1\/cs\" target=\"_blank\">Daniel Gilbert<\/a>&nbsp;(<a href=\"https:\/\/www.linkedin.com\/company\/2571497\" target=\"_blank\">Brainlabs Digital<\/a>)&nbsp;nebo <a href=\"https:\/\/www.linkedin.com\/in\/martyneumeier\/cs\" target=\"_blank\">Marty Neumeier<\/a>.<\/p>\n<p>Cel\u00e1 akce ov\u0161em nebyla pouze&nbsp;o&nbsp;p\u0159edn\u00e1\u0161k\u00e1ch a&nbsp;nov\u00fdch informac\u00edch z&nbsp;oboru. Organiz\u00e1to\u0159i si dali tak\u00e9 pr\u00e1ci s&nbsp;doprovodn\u00fdm programem v&nbsp;podob\u011b t\u0159\u00ed&nbsp;velk\u00fdch parties. Poj\u010fme si rozebrat dny p\u011bkn\u011b popo\u0159ad\u011b a&nbsp;zhodnotit, zda Marketing Festival 2015 splnil v\u0161echna o\u010dek\u00e1v\u00e1n\u00ed.<a href=\"https:\/\/igloonet.cz\/blog\/wp-content\/uploads\/2015\/12\/04.jpg\"><br>\n<\/a><\/p>\n<h3>St\u0159eda<\/h3>\n<p>Pro prvn\u00ed nedo\u010dkavce festival&nbsp;za\u010dal ji\u017e st\u0159ede\u010dn\u00edm ve\u010derem v&nbsp;mal\u00e9, funkcionalistick\u00e9 kav\u00e1rn\u011b ERA, kde prob\u00edhala ofici\u00e1ln\u00ed seznamovac\u00ed p\u00e1rty. Vstup vy\u017eadoval zvl\u00e1\u0161tn\u00ed registraci a&nbsp;byl omezen\u00fd jen pro 100&nbsp;lid\u00ed. Posezen\u00ed se neslo v&nbsp;poklidn\u00e9m duchu pln\u00e9ho networkingu a&nbsp;v\u00e1\u0161niv\u00fdch debat okolo citliv\u00fdch a&nbsp;nevy\u0159e\u0161en\u00fdch t\u00e9mat online marketingu. V&nbsp;tomto p\u0159\u00edpad\u011b se ale \u0161lo sp\u00e1t brzy, proto\u017ee cht\u011bli b\u00fdt v\u0161ichni \u010derstv\u00ed na&nbsp;n\u00e1sleduj\u00edc\u00ed den pln\u00fd workshop\u016f.<\/p>\n<h3>\u010ctvrtek<\/h3>\n<p>\u010ctvrte\u010dn\u00ed den byl rozd\u011blen\u00fd na&nbsp;rann\u00ed a&nbsp;odpoledn\u00ed workshopovou \u010d\u00e1st s&nbsp;t\u00edm, \u017ee&nbsp;ka\u017ed\u00fd z&nbsp;\u00fa\u010dastn\u00edk\u016f si mohl zakoupit maxim\u00e1ln\u011b dva workshopy. T\u00e9mata byla r\u016fznorod\u00e1 od&nbsp;analytiky, p\u0159es PPC a\u017e po personalistiku. J\u00e1&nbsp;osobn\u011b jsem zvolil jen jeden odpoledn\u00ed, a&nbsp;sice \u010deskou legendu&nbsp;<a href=\"https:\/\/cz.linkedin.com\/in\/marekprokop\/cs\" target=\"_blank\">Marka Prokopa<\/a>, kter\u00fd n\u00e1m uk\u00e1zal praktickou pr\u00e1ci s&nbsp;daty pro e-commerce vyu\u017eit\u00ed pomoc\u00ed nejr\u016fzn\u011bj\u0161\u00edch excelovsk\u00fdch vzorc\u016f. Byla \u0161koda, \u017ee&nbsp;workshop trval jen t\u0159i&nbsp;hodiny, a&nbsp;tud\u00ed\u017e jsme se nedostali p\u0159\u00edli\u0161 do&nbsp;hloubky. P\u0159\u00ed\u0161t\u011b ur\u010dit\u011b prodlou\u017eit!<\/p>\n<p>Program ve\u010der pokra\u010doval dal\u0161\u00ed party s&nbsp;n\u00e1zvem Game Night v&nbsp;brn\u011bnsk\u00e9m Impact Hubu. Organiz\u00e1to\u0159i si pro&nbsp;n\u00e1s p\u0159ipravili spoustu stoln\u00edch fotb\u00e1lk\u016f, p\u00e1r Xbox\u016f a&nbsp;dokonce i&nbsp;kasino. \u010cekal jsem n\u011bjak\u00fd turnaj, a\u0165 u\u017e ve&nbsp;fotb\u00e1lku nebo t\u0159eba na&nbsp;Xboxu, bohu\u017eel toho jsme se nedo\u010dkali. Na&nbsp;druhou stranu ch\u00e1pu, \u017ee&nbsp;uspo\u0159\u00e1dat turnaj pro \u010dty\u0159i sta lid\u00ed bylo nere\u00e1ln\u00e9.<\/p>\n<h3>P\u00e1tek<\/h3>\n<p>Kone\u010dn\u011b se dost\u00e1v\u00e1m k&nbsp;hlavn\u00ed \u010d\u00e1sti programu, a&nbsp;t\u00edm byly&nbsp;p\u0159edn\u00e1\u0161ky v&nbsp;kr\u00e1sn\u00e9m prost\u0159ed\u00ed Jan\u00e1\u010dkova divadla. Nebudu se rozepisovat o&nbsp;ka\u017ed\u00e9 p\u0159edn\u00e1\u0161ce zvl\u00e1\u0161\u0165, i&nbsp;kdy\u017e by si to nejsp\u00ed\u0161 ka\u017ed\u00e1 z&nbsp;nich zaslou\u017eila. Vyzdvihnu jen ty, kter\u00e9 na&nbsp;m\u011b zanechaly nejv\u011bt\u0161\u00ed dojem.<\/p>\n<p>Hned zkraje to rozsekal <a href=\"https:\/\/ca.linkedin.com\/in\/oligardner\/cs\" target=\"_blank\">Oli Gardner<\/a>, zakladatel spole\u010dnosti&nbsp;<a href=\"https:\/\/www.linkedin.com\/company\/503432\" target=\"_blank\">Unbounce<\/a>, kter\u00e1 poskytuje n\u00e1stroj&nbsp;na A\/B testov\u00e1n\u00ed a&nbsp;tvorbu landing pages.&nbsp;P\u0159edn\u00e1\u0161ka Frankenpage&nbsp;byla po&nbsp;grafick\u00e9 str\u00e1nce asi ta&nbsp;nejlep\u0161\u00ed, co jsem doposud vid\u011bl. Ani&nbsp;obsahov\u011b se neztratila.<\/p>\n<p>Oli, mimo jin\u00e9 i&nbsp;v\u00fdborn\u00fd \u0159e\u010dn\u00edk, se rozpov\u00eddal o&nbsp;\u201eide\u00e1ln\u00ed landing page\u201c.&nbsp;P\u0159edstavil&nbsp;v\u00fdsledky vlastn\u00edch A\/B test\u016f&nbsp;p\u0159edev\u0161\u00edm co se t\u00fd\u010de tla\u010d\u00edtek, nebo t\u0159eba kam nejl\u00e9pe&nbsp;um\u00edstit video na&nbsp;str\u00e1nce. V\u00fdsledky bych ale&nbsp;bral rad\u011bji s&nbsp;rezervou, proto\u017ee ka\u017ed\u00e1 c\u00edlovka reaguje na&nbsp;tla\u010d\u00edtka r\u016fzn\u011b, sp\u00ed\u0161e \u0161lo o&nbsp;to uk\u00e1zat p\u0159\u00edstup k&nbsp;testov\u00e1n\u00ed.<\/p>\n<iframe loading=\"lazy\" src=\"\/\/www.slideshare.net\/slideshow\/embed_code\/55658002\" width=\"803\" height=\"642\" frameborder=\"0\" marginwidth=\"0\" marginheight=\"0\" scrolling=\"no\"><\/iframe><br><br>\n<p>Ze sobotn\u00edho dne bych je\u0161t\u011b zm\u00ednil&nbsp;p\u0159edn\u00e1\u0161ku ost\u0159\u00edlen\u00e9ho brandov\u00e9ho m\u00e1ga Martyho Neumeiera, autora bestselleru <a href=\"https:\/\/www.goodreads.com\/book\/show\/290733.The_Brand_Gap\" target=\"_blank\">The&nbsp;Brand Gap.<\/a>&nbsp;V\u0161em kn\u00ed\u017eku&nbsp;m\u016f\u017eu v\u0159ele doporu\u010dit. Jak se dalo o\u010dek\u00e1vat, Marty ne\u0159e\u0161il nic technick\u00e9ho, ale&nbsp;mluvil obecn\u011b o&nbsp;brandingu a&nbsp;o&nbsp;d\u016fle\u017eitosti pochopen\u00ed brandingu jako takov\u00e9ho. A&nbsp;z&nbsp;jeho prezentace plyne d\u016fle\u017eit\u00e9 ponau\u010den\u00ed: brand nen\u00ed to, co si o&nbsp;sob\u011b mysl\u00ed samotn\u00e1 firma,&nbsp;ale&nbsp;to, jak je vn\u00edm\u00e1na okol\u00edm.&nbsp;\ud83d\ude42<\/p>\n<p>Z p\u00e1te\u010dn\u00edch p\u0159\u00edpadovek mi p\u0159i\u0161la nejv\u00edce p\u0159\u00ednosn\u00e1 ta od&nbsp;Martina \u0160imka, kter\u00fd n\u00e1s sezn\u00e1mil s&nbsp;vlastn\u00edm syst\u00e9mem pro monitoring m\u00e9di\u00ed, pomoc\u00ed n\u011bho\u017e&nbsp;sleduj\u00ed p\u0159\u00edle\u017eitosti pro linkbuilding nebo pro budov\u00e1n\u00ed zna\u010dky. Martin cel\u00fd n\u00e1vod podrobn\u011b sepsal; pokud byste cht\u011bli podobn\u00fd syst\u00e9m vyu\u017e\u00edt i&nbsp;pro va\u0161e klienty, najdete ho pod&nbsp;<a href=\"http:\/\/robertnemec.com\/manual-media-monitoring-mktfest\/\" target=\"_blank\">t\u00edmto linkem<\/a>.<\/p>\n<p>A n\u00e1sledoval ples v&nbsp;industri\u00e1ln\u00ed&nbsp;Adam Gallery. P\u0159\u00edpravu jsme rozhodn\u011b nepodcenili a&nbsp;ples pojali ve&nbsp;velk\u00e9m stylu. Je\u0161t\u011b te\u010f n\u00e1m chod\u00ed popt\u00e1vky po tu\u010d\u0148\u00e1\u010d\u00ed bro\u017ei.<\/p>\n<p><a href=\"https:\/\/www.facebook.com\/igloonet\" target=\"_blank\"><img srcset=\"https:\/\/igloonet.cz\/blog\/wp-content\/uploads\/2015\/12\/03a-150x150.jpg 150w, https:\/\/igloonet.cz\/blog\/wp-content\/uploads\/2015\/12\/03a-300x226.jpg 300w, https:\/\/igloonet.cz\/blog\/wp-content\/uploads\/2015\/12\/03a-1024x772.jpg 1024w, https:\/\/igloonet.cz\/blog\/wp-content\/uploads\/2015\/12\/03a.jpg 2181w\" sizes=\"(min-width: 1024px) 2181px, (min-width: 300px) 1024px, (min-width: 150px) 300px, 150px\" class=\"aligncenter size-full wp-image-3664\" alt=\"03a\" width=\"2181\" height=\"1645\"><\/a><\/p>\n<h3>Sobota<\/h3>\n<p>Posledn\u00ed den p\u0159inesl nejen kvalitn\u00ed p\u0159edstaven\u00ed, ale bohu\u017eel i&nbsp;zklam\u00e1n\u00ed. Za\u010dn\u011bme nejprve pozitivn\u00ed str\u00e1nkou, a&nbsp;tou bylo vystoupen\u00ed&nbsp;Larryho Kima. Tato uzn\u00e1van\u00e1 osobnost&nbsp;ve sv\u00e9m oboru, zakladatel agentury a&nbsp;z\u00e1rove\u0148 edukativn\u00edho blogu Wordstream, p\u0159ednesla \u0161pi\u010dkov\u00fd projev protkan\u00fd sv\u00fdmi zku\u0161enosti a&nbsp;hlavn\u011b skromnost\u00ed a&nbsp;up\u0159\u00edmnost\u00ed.<\/p>\n<p>Larryho p\u0159edn\u00e1\u0161ka se m\u011bla t\u00fdkat budoucnosti PPC, m\u00edsto toho ale mluvil p\u0159ev\u00e1\u017en\u011b o&nbsp;soci\u00e1ln\u00edch m\u00e9di\u00edch, co\u017e&nbsp;m\u011b tro\u0161ku mrzelo. To ov\u0161em nepatilo pro na\u0161e Facebook\u00e1\u0159e, kte\u0159\u00ed se sice nic z\u00e1sadn\u011b nov\u00e9ho nedozv\u011bd\u011bli, ale utvrdili se v&nbsp;tom, \u017ee&nbsp;svoji pr\u00e1ci d\u011blaj\u00ed opravdu dob\u0159e.<\/p>\n<iframe loading=\"lazy\" src=\"\/\/www.slideshare.net\/slideshow\/embed_code\/55661994\" width=\"803\" height=\"642\" frameborder=\"0\" marginwidth=\"0\" marginheight=\"0\" scrolling=\"no\"><\/iframe><br><br>\n<p>Zm\u00edn\u011bn\u00e9 zklam\u00e1n\u00ed p\u0159i\u0161lo od&nbsp;\u010dlov\u011bka, na&nbsp;kter\u00e9ho se v\u011bt\u0161ina z&nbsp;n\u00e1s t\u011b\u0161ila mo\u017en\u00e1 nejv\u00edce - datov\u00e9ho analytika <a href=\"https:\/\/uk.linkedin.com\/in\/danielwaisberg\/cs\" target=\"_blank\">Daniela Waisberga<\/a> p\u0159\u00edmo z&nbsp;Googlu. Danny nep\u0159inesl nic nov\u00e9ho, mluvil pouze o&nbsp;z\u00e1kladn\u00edch v\u011bcech p\u0159i pr\u00e1ci s&nbsp;daty. Dokonce ani na&nbsp;n\u00e1sledn\u00e9 dotazy od&nbsp;publika neodpov\u00eddal p\u0159\u00edmo. P\u0159i\u0161lo n\u00e1m to jako pokyn&nbsp;z&nbsp;vy\u0161\u0161\u00edch pater, aby neprozrazoval p\u0159\u00edli\u0161 mnoho.<\/p>\n<p>Na z\u00e1v\u011br cel\u00e9ho Festivalu vystoupili ir\u0161t\u00ed kluci z&nbsp;<a href=\"https:\/\/www.linkedin.com\/company\/565819\" target=\"_blank\">Wolfgang Digital<\/a>. Dokonce i&nbsp;p\u0159es jejich siln\u00fd irsk\u00fd akcent, kter\u00fdm pobavili publikum, jim bylo p\u0159ekvapiv\u011b docela dob\u0159e rozum\u011bt. Jeliko\u017e se oba bav\u00ed PPC\u010dkama, bylo zjevn\u00e9, o&nbsp;\u010dem bude jejich p\u0159edn\u00e1\u0161ka. Borci mluvili p\u0159ev\u00e1\u017en\u011b o&nbsp;vyu\u017eiit\u00ed RLSA p\u0159es Google Analytics, novince e\u2011mail retargetingu nebo t\u0159eba jak pracovat s&nbsp;lidmi, kte\u0159\u00ed nakoupili.<\/p>\n<p>T\u0159e\u0161ni\u010dkou na&nbsp;dortu byla z\u00e1v\u011bre\u010dn\u00e1 show na&nbsp;Fl\u00e9d\u011b v&nbsp;pod\u00e1n\u00ed \u0161v\u00fdcarsk\u00e9 kapely Kadebostany. Pokud nezn\u00e1te, napravte to&nbsp;na <a href=\"https:\/\/open.spotify.com\/artist\/3IVrpJxHeUFoYP4H6bxg57\" target=\"_blank\">Spotify<\/a>.<\/p>\n<p>Jm\u00e9nem v\u0161ech <a href=\"https:\/\/igloonet.cz\/tym\" target=\"_blank\">tu\u010d\u0148\u00e1k\u016f<\/a>&nbsp;chci&nbsp;pod\u011bkovat <a href=\"https:\/\/uk.linkedin.com\/in\/faborsky\/cs\" target=\"_blank\">Jindrovi<\/a> a&nbsp;jeho t\u00fdmu za uspo\u0159\u00e1d\u00e1n\u00ed akce sv\u011btov\u00e9ho form\u00e1tu.&nbsp;U\u017e&nbsp;te\u010f se t\u011b\u0161\u00edme na&nbsp;dal\u0161\u00ed ro\u010dn\u00edk #mktfest!<\/p>\n","protected":false},"excerpt":{"rendered":"<p>Workshopy, strategick\u00e9 p\u0159edn\u00e1\u0161ky, networking, (ne)ples, koncert na&nbsp;Fl\u00e9d\u011b. To a&nbsp;mnohem v\u00edce byl leto\u0161n\u00ed Marketing Festival. Nestihli jste si koupit l\u00edstky, nebo si chcete p\u0159ipomenout jeho jedine\u010dnou atmosf\u00e9ru? P\u0159ipravili jsme pro v\u00e1s kr\u00e1tkou report\u00e1\u017e. Za\u017eijte s&nbsp;n\u00e1mi&nbsp;#mktfest!<\/p>\n","protected":false},"author":19,"featured_media":3700,"comment_status":"open","ping_status":"closed","sticky":false,"template":"","format":"standard","meta":{"wp_typography_post_enhancements_disabled":false,"footnotes":""},"categories":[70],"tags":[32,166],"class_list":["post-3660","post","type-post","status-publish","format-standard","has-post-thumbnail","hentry","category-marketing","tag-konference","tag-marketing-festival"],"yoast_head":"<!-- This site is optimized with the Yoast SEO plugin v26.7 - https:\/\/yoast.com\/wordpress\/plugins\/seo\/ -->\n<title>Marketing Festival: konference roku 2015<\/title>\n<meta name=\"description\" content=\"Workshopy, strategick\u00e9 p\u0159edn\u00e1\u0161ky, networking, (ne)ples, koncert na Fl\u00e9d\u011b. To a mnohem v\u00edce byl leto\u0161n\u00ed Marketing Festival.\" \/>\n<meta name=\"robots\" content=\"index, follow, max-snippet:-1, max-image-preview:large, max-video-preview:-1\" \/>\n<link rel=\"canonical\" href=\"https:\/\/igloonet.cz\/blog\/marketing-festival-2015\/\" \/>\n<meta property=\"og:locale\" content=\"cs_CZ\" \/>\n<meta property=\"og:type\" content=\"article\" \/>\n<meta property=\"og:title\" content=\"Marketing Festival: konference roku 2015\" \/>\n<meta property=\"og:description\" content=\"Workshopy, strategick\u00e9 p\u0159edn\u00e1\u0161ky, networking, (ne)ples, koncert na Fl\u00e9d\u011b. To a mnohem v\u00edce byl leto\u0161n\u00ed Marketing Festival. Za\u017eijte s n\u00e1mi jeho atmosf\u00e9ru!\" \/>\n<meta property=\"og:url\" content=\"https:\/\/igloonet.cz\/blog\/marketing-festival-2015\/\" \/>\n<meta property=\"og:site_name\" content=\"igloonet blog\" \/>\n<meta property=\"article:publisher\" content=\"https:\/\/www.facebook.com\/igloonet\" \/>\n<meta property=\"article:author\" content=\"https:\/\/www.facebook.com\/chalupatrik\" \/>\n<meta property=\"article:published_time\" content=\"2015-12-02T10:00:38+00:00\" \/>\n<meta property=\"article:modified_time\" content=\"2015-12-09T09:15:34+00:00\" \/>\n<meta property=\"og:image\" content=\"https:\/\/igloonet.cz\/blog\/wp-content\/uploads\/2015\/12\/2.jpg\" \/>\n\t<meta property=\"og:image:width\" content=\"1200\" \/>\n\t<meta property=\"og:image:height\" content=\"627\" \/>\n\t<meta property=\"og:image:type\" content=\"image\/jpeg\" \/>\n<meta name=\"author\" content=\"Patrik Chalupa\" \/>\n<meta name=\"twitter:card\" content=\"summary_large_image\" \/>\n<meta name=\"twitter:title\" content=\"Marketing Festival: konference roku 2015\" \/>\n<meta name=\"twitter:description\" content=\"Workshopy, strategick\u00e9 p\u0159edn\u00e1\u0161ky, networking, (ne)ples, koncert na Fl\u00e9d\u011b. To a mnohem v\u00edce byl leto\u0161n\u00ed Marketing Festival. Za\u017eijte s n\u00e1mi jeho atmosf\u00e9ru!\" \/>\n<meta name=\"twitter:creator\" content=\"@igloonet\" \/>\n<meta name=\"twitter:site\" content=\"@igloonet\" \/>\n<meta name=\"twitter:label1\" content=\"Napsal(a)\" \/>\n\t<meta name=\"twitter:data1\" content=\"Patrik Chalupa\" \/>\n\t<meta name=\"twitter:label2\" content=\"Odhadovan\u00e1 doba \u010dten\u00ed\" \/>\n\t<meta name=\"twitter:data2\" content=\"6 minut\" \/>\n<script type=\"application\/ld+json\" class=\"yoast-schema-graph\">{\"@context\":\"https:\/\/schema.org\",\"@graph\":[{\"@type\":\"Article\",\"@id\":\"https:\/\/igloonet.cz\/blog\/marketing-festival-2015\/#article\",\"isPartOf\":{\"@id\":\"https:\/\/igloonet.cz\/blog\/marketing-festival-2015\/\"},\"author\":{\"name\":\"Patrik Chalupa\",\"@id\":\"https:\/\/igloonet.cz\/blog\/#\/schema\/person\/ca1af9ed5b8565534574fc0e3d44c122\"},\"headline\":\"Marketing Festival: konference roku&nbsp;2015\",\"datePublished\":\"2015-12-02T10:00:38+00:00\",\"dateModified\":\"2015-12-09T09:15:34+00:00\",\"mainEntityOfPage\":{\"@id\":\"https:\/\/igloonet.cz\/blog\/marketing-festival-2015\/\"},\"wordCount\":1242,\"commentCount\":0,\"publisher\":{\"@id\":\"https:\/\/igloonet.cz\/blog\/#organization\"},\"image\":{\"@id\":\"https:\/\/igloonet.cz\/blog\/marketing-festival-2015\/#primaryimage\"},\"thumbnailUrl\":\"https:\/\/igloonet.cz\/blog\/wp-content\/uploads\/2015\/12\/2.jpg\",\"keywords\":[\"Konference\",\"Marketing Festival\"],\"articleSection\":[\"Marketing\"],\"inLanguage\":\"cs\",\"potentialAction\":[{\"@type\":\"CommentAction\",\"name\":\"Comment\",\"target\":[\"https:\/\/igloonet.cz\/blog\/marketing-festival-2015\/#respond\"]}]},{\"@type\":\"WebPage\",\"@id\":\"https:\/\/igloonet.cz\/blog\/marketing-festival-2015\/\",\"url\":\"https:\/\/igloonet.cz\/blog\/marketing-festival-2015\/\",\"name\":\"Marketing Festival: konference roku 2015\",\"isPartOf\":{\"@id\":\"https:\/\/igloonet.cz\/blog\/#website\"},\"primaryImageOfPage\":{\"@id\":\"https:\/\/igloonet.cz\/blog\/marketing-festival-2015\/#primaryimage\"},\"image\":{\"@id\":\"https:\/\/igloonet.cz\/blog\/marketing-festival-2015\/#primaryimage\"},\"thumbnailUrl\":\"https:\/\/igloonet.cz\/blog\/wp-content\/uploads\/2015\/12\/2.jpg\",\"datePublished\":\"2015-12-02T10:00:38+00:00\",\"dateModified\":\"2015-12-09T09:15:34+00:00\",\"description\":\"Workshopy, strategick\u00e9 p\u0159edn\u00e1\u0161ky, networking, (ne)ples, koncert na Fl\u00e9d\u011b. To a mnohem v\u00edce byl leto\u0161n\u00ed Marketing Festival.\",\"breadcrumb\":{\"@id\":\"https:\/\/igloonet.cz\/blog\/marketing-festival-2015\/#breadcrumb\"},\"inLanguage\":\"cs\",\"potentialAction\":[{\"@type\":\"ReadAction\",\"target\":[\"https:\/\/igloonet.cz\/blog\/marketing-festival-2015\/\"]}]},{\"@type\":\"ImageObject\",\"inLanguage\":\"cs\",\"@id\":\"https:\/\/igloonet.cz\/blog\/marketing-festival-2015\/#primaryimage\",\"url\":\"https:\/\/igloonet.cz\/blog\/wp-content\/uploads\/2015\/12\/2.jpg\",\"contentUrl\":\"https:\/\/igloonet.cz\/blog\/wp-content\/uploads\/2015\/12\/2.jpg\",\"width\":1200,\"height\":627},{\"@type\":\"BreadcrumbList\",\"@id\":\"https:\/\/igloonet.cz\/blog\/marketing-festival-2015\/#breadcrumb\",\"itemListElement\":[{\"@type\":\"ListItem\",\"position\":1,\"name\":\"Marketing\",\"item\":\"https:\/\/igloonet.cz\/blog\/rubriky\/marketing\/\"},{\"@type\":\"ListItem\",\"position\":2,\"name\":\"Marketing Festival: konference roku&nbsp;2015\"}]},{\"@type\":\"WebSite\",\"@id\":\"https:\/\/igloonet.cz\/blog\/#website\",\"url\":\"https:\/\/igloonet.cz\/blog\/\",\"name\":\"igloonet blog\",\"description\":\"\",\"publisher\":{\"@id\":\"https:\/\/igloonet.cz\/blog\/#organization\"},\"potentialAction\":[{\"@type\":\"SearchAction\",\"target\":{\"@type\":\"EntryPoint\",\"urlTemplate\":\"https:\/\/igloonet.cz\/blog\/?s={search_term_string}\"},\"query-input\":{\"@type\":\"PropertyValueSpecification\",\"valueRequired\":true,\"valueName\":\"search_term_string\"}}],\"inLanguage\":\"cs\"},{\"@type\":\"Organization\",\"@id\":\"https:\/\/igloonet.cz\/blog\/#organization\",\"name\":\"igloonet\",\"url\":\"https:\/\/igloonet.cz\/blog\/\",\"logo\":{\"@type\":\"ImageObject\",\"inLanguage\":\"cs\",\"@id\":\"https:\/\/igloonet.cz\/blog\/#\/schema\/logo\/image\/\",\"url\":\"https:\/\/igloonet.cz\/blog\/wp-content\/uploads\/2015\/07\/RGB_LVPC_igloonet.png\",\"contentUrl\":\"https:\/\/igloonet.cz\/blog\/wp-content\/uploads\/2015\/07\/RGB_LVPC_igloonet.png\",\"width\":650,\"height\":465,\"caption\":\"igloonet\"},\"image\":{\"@id\":\"https:\/\/igloonet.cz\/blog\/#\/schema\/logo\/image\/\"},\"sameAs\":[\"https:\/\/www.facebook.com\/igloonet\",\"https:\/\/x.com\/igloonet\",\"https:\/\/instagram.com\/igloonet\/\",\"https:\/\/www.linkedin.com\/company\/igloonet\"]},{\"@type\":\"Person\",\"@id\":\"https:\/\/igloonet.cz\/blog\/#\/schema\/person\/ca1af9ed5b8565534574fc0e3d44c122\",\"name\":\"Patrik Chalupa\",\"image\":{\"@type\":\"ImageObject\",\"inLanguage\":\"cs\",\"@id\":\"https:\/\/igloonet.cz\/blog\/#\/schema\/person\/image\/\",\"url\":\"https:\/\/secure.gravatar.com\/avatar\/b95219a670a0e0717b7b46ede3ee2657ee89ffbeeb36b82ca43280c2ffd2435a?s=96&d=retro&r=g\",\"contentUrl\":\"https:\/\/secure.gravatar.com\/avatar\/b95219a670a0e0717b7b46ede3ee2657ee89ffbeeb36b82ca43280c2ffd2435a?s=96&d=retro&r=g\",\"caption\":\"Patrik Chalupa\"},\"description\":\"Online market\u00e9r orientovan\u00fd na PPC, nad\u0161enec do v\u0161ech sport\u016f a fanou\u0161ek italsk\u00e9 kuchyn\u011b.\",\"sameAs\":[\"https:\/\/igloonet.cz\/patrik\",\"https:\/\/www.facebook.com\/chalupatrik\"],\"url\":\"https:\/\/igloonet.cz\/blog\/author\/patrik\/\"}]}<\/script>\n<!-- \/ Yoast SEO plugin. -->","yoast_head_json":{"title":"Marketing Festival: konference roku 2015","description":"Workshopy, strategick\u00e9 p\u0159edn\u00e1\u0161ky, networking, (ne)ples, koncert na Fl\u00e9d\u011b. To a mnohem v\u00edce byl leto\u0161n\u00ed Marketing Festival.","robots":{"index":"index","follow":"follow","max-snippet":"max-snippet:-1","max-image-preview":"max-image-preview:large","max-video-preview":"max-video-preview:-1"},"canonical":"https:\/\/igloonet.cz\/blog\/marketing-festival-2015\/","og_locale":"cs_CZ","og_type":"article","og_title":"Marketing Festival: konference roku 2015","og_description":"Workshopy, strategick\u00e9 p\u0159edn\u00e1\u0161ky, networking, (ne)ples, koncert na Fl\u00e9d\u011b. To a mnohem v\u00edce byl leto\u0161n\u00ed Marketing Festival. Za\u017eijte s n\u00e1mi jeho atmosf\u00e9ru!","og_url":"https:\/\/igloonet.cz\/blog\/marketing-festival-2015\/","og_site_name":"igloonet blog","article_publisher":"https:\/\/www.facebook.com\/igloonet","article_author":"https:\/\/www.facebook.com\/chalupatrik","article_published_time":"2015-12-02T10:00:38+00:00","article_modified_time":"2015-12-09T09:15:34+00:00","og_image":[{"width":1200,"height":627,"url":"https:\/\/igloonet.cz\/blog\/wp-content\/uploads\/2015\/12\/2.jpg","type":"image\/jpeg"}],"author":"Patrik Chalupa","twitter_card":"summary_large_image","twitter_title":"Marketing Festival: konference roku 2015","twitter_description":"Workshopy, strategick\u00e9 p\u0159edn\u00e1\u0161ky, networking, (ne)ples, koncert na Fl\u00e9d\u011b. To a mnohem v\u00edce byl leto\u0161n\u00ed Marketing Festival. Za\u017eijte s n\u00e1mi jeho atmosf\u00e9ru!","twitter_creator":"@igloonet","twitter_site":"@igloonet","twitter_misc":{"Napsal(a)":"Patrik Chalupa","Odhadovan\u00e1 doba \u010dten\u00ed":"6 minut"},"schema":{"@context":"https:\/\/schema.org","@graph":[{"@type":"Article","@id":"https:\/\/igloonet.cz\/blog\/marketing-festival-2015\/#article","isPartOf":{"@id":"https:\/\/igloonet.cz\/blog\/marketing-festival-2015\/"},"author":{"name":"Patrik Chalupa","@id":"https:\/\/igloonet.cz\/blog\/#\/schema\/person\/ca1af9ed5b8565534574fc0e3d44c122"},"headline":"Marketing Festival: konference roku&nbsp;2015","datePublished":"2015-12-02T10:00:38+00:00","dateModified":"2015-12-09T09:15:34+00:00","mainEntityOfPage":{"@id":"https:\/\/igloonet.cz\/blog\/marketing-festival-2015\/"},"wordCount":1242,"commentCount":0,"publisher":{"@id":"https:\/\/igloonet.cz\/blog\/#organization"},"image":{"@id":"https:\/\/igloonet.cz\/blog\/marketing-festival-2015\/#primaryimage"},"thumbnailUrl":"https:\/\/igloonet.cz\/blog\/wp-content\/uploads\/2015\/12\/2.jpg","keywords":["Konference","Marketing Festival"],"articleSection":["Marketing"],"inLanguage":"cs","potentialAction":[{"@type":"CommentAction","name":"Comment","target":["https:\/\/igloonet.cz\/blog\/marketing-festival-2015\/#respond"]}]},{"@type":"WebPage","@id":"https:\/\/igloonet.cz\/blog\/marketing-festival-2015\/","url":"https:\/\/igloonet.cz\/blog\/marketing-festival-2015\/","name":"Marketing Festival: konference roku 2015","isPartOf":{"@id":"https:\/\/igloonet.cz\/blog\/#website"},"primaryImageOfPage":{"@id":"https:\/\/igloonet.cz\/blog\/marketing-festival-2015\/#primaryimage"},"image":{"@id":"https:\/\/igloonet.cz\/blog\/marketing-festival-2015\/#primaryimage"},"thumbnailUrl":"https:\/\/igloonet.cz\/blog\/wp-content\/uploads\/2015\/12\/2.jpg","datePublished":"2015-12-02T10:00:38+00:00","dateModified":"2015-12-09T09:15:34+00:00","description":"Workshopy, strategick\u00e9 p\u0159edn\u00e1\u0161ky, networking, (ne)ples, koncert na Fl\u00e9d\u011b. To a mnohem v\u00edce byl leto\u0161n\u00ed Marketing Festival.","breadcrumb":{"@id":"https:\/\/igloonet.cz\/blog\/marketing-festival-2015\/#breadcrumb"},"inLanguage":"cs","potentialAction":[{"@type":"ReadAction","target":["https:\/\/igloonet.cz\/blog\/marketing-festival-2015\/"]}]},{"@type":"ImageObject","inLanguage":"cs","@id":"https:\/\/igloonet.cz\/blog\/marketing-festival-2015\/#primaryimage","url":"https:\/\/igloonet.cz\/blog\/wp-content\/uploads\/2015\/12\/2.jpg","contentUrl":"https:\/\/igloonet.cz\/blog\/wp-content\/uploads\/2015\/12\/2.jpg","width":1200,"height":627},{"@type":"BreadcrumbList","@id":"https:\/\/igloonet.cz\/blog\/marketing-festival-2015\/#breadcrumb","itemListElement":[{"@type":"ListItem","position":1,"name":"Marketing","item":"https:\/\/igloonet.cz\/blog\/rubriky\/marketing\/"},{"@type":"ListItem","position":2,"name":"Marketing Festival: konference roku&nbsp;2015"}]},{"@type":"WebSite","@id":"https:\/\/igloonet.cz\/blog\/#website","url":"https:\/\/igloonet.cz\/blog\/","name":"igloonet blog","description":"","publisher":{"@id":"https:\/\/igloonet.cz\/blog\/#organization"},"potentialAction":[{"@type":"SearchAction","target":{"@type":"EntryPoint","urlTemplate":"https:\/\/igloonet.cz\/blog\/?s={search_term_string}"},"query-input":{"@type":"PropertyValueSpecification","valueRequired":true,"valueName":"search_term_string"}}],"inLanguage":"cs"},{"@type":"Organization","@id":"https:\/\/igloonet.cz\/blog\/#organization","name":"igloonet","url":"https:\/\/igloonet.cz\/blog\/","logo":{"@type":"ImageObject","inLanguage":"cs","@id":"https:\/\/igloonet.cz\/blog\/#\/schema\/logo\/image\/","url":"https:\/\/igloonet.cz\/blog\/wp-content\/uploads\/2015\/07\/RGB_LVPC_igloonet.png","contentUrl":"https:\/\/igloonet.cz\/blog\/wp-content\/uploads\/2015\/07\/RGB_LVPC_igloonet.png","width":650,"height":465,"caption":"igloonet"},"image":{"@id":"https:\/\/igloonet.cz\/blog\/#\/schema\/logo\/image\/"},"sameAs":["https:\/\/www.facebook.com\/igloonet","https:\/\/x.com\/igloonet","https:\/\/instagram.com\/igloonet\/","https:\/\/www.linkedin.com\/company\/igloonet"]},{"@type":"Person","@id":"https:\/\/igloonet.cz\/blog\/#\/schema\/person\/ca1af9ed5b8565534574fc0e3d44c122","name":"Patrik Chalupa","image":{"@type":"ImageObject","inLanguage":"cs","@id":"https:\/\/igloonet.cz\/blog\/#\/schema\/person\/image\/","url":"https:\/\/secure.gravatar.com\/avatar\/b95219a670a0e0717b7b46ede3ee2657ee89ffbeeb36b82ca43280c2ffd2435a?s=96&d=retro&r=g","contentUrl":"https:\/\/secure.gravatar.com\/avatar\/b95219a670a0e0717b7b46ede3ee2657ee89ffbeeb36b82ca43280c2ffd2435a?s=96&d=retro&r=g","caption":"Patrik Chalupa"},"description":"Online market\u00e9r orientovan\u00fd na PPC, nad\u0161enec do v\u0161ech sport\u016f a fanou\u0161ek italsk\u00e9 kuchyn\u011b.","sameAs":["https:\/\/igloonet.cz\/patrik","https:\/\/www.facebook.com\/chalupatrik"],"url":"https:\/\/igloonet.cz\/blog\/author\/patrik\/"}]}},"amp_enabled":true,"_links":{"self":[{"href":"https:\/\/igloonet.cz\/blog\/wp-json\/wp\/v2\/posts\/3660","targetHints":{"allow":["GET"]}}],"collection":[{"href":"https:\/\/igloonet.cz\/blog\/wp-json\/wp\/v2\/posts"}],"about":[{"href":"https:\/\/igloonet.cz\/blog\/wp-json\/wp\/v2\/types\/post"}],"author":[{"embeddable":true,"href":"https:\/\/igloonet.cz\/blog\/wp-json\/wp\/v2\/users\/19"}],"replies":[{"embeddable":true,"href":"https:\/\/igloonet.cz\/blog\/wp-json\/wp\/v2\/comments?post=3660"}],"version-history":[{"count":32,"href":"https:\/\/igloonet.cz\/blog\/wp-json\/wp\/v2\/posts\/3660\/revisions"}],"predecessor-version":[{"id":3668,"href":"https:\/\/igloonet.cz\/blog\/wp-json\/wp\/v2\/posts\/3660\/revisions\/3668"}],"wp:featuredmedia":[{"embeddable":true,"href":"https:\/\/igloonet.cz\/blog\/wp-json\/wp\/v2\/media\/3700"}],"wp:attachment":[{"href":"https:\/\/igloonet.cz\/blog\/wp-json\/wp\/v2\/media?parent=3660"}],"wp:term":[{"taxonomy":"category","embeddable":true,"href":"https:\/\/igloonet.cz\/blog\/wp-json\/wp\/v2\/categories?post=3660"},{"taxonomy":"post_tag","embeddable":true,"href":"https:\/\/igloonet.cz\/blog\/wp-json\/wp\/v2\/tags?post=3660"}],"curies":[{"name":"wp","href":"https:\/\/api.w.org\/{rel}","templated":true}]}}